{"id":626,"date":"2013-02-07T20:13:19","date_gmt":"2013-02-07T20:13:19","guid":{"rendered":"http:\/\/www.luboeinski.de\/blog\/wp3_2\/?p=626"},"modified":"2016-10-05T11:44:46","modified_gmt":"2016-10-05T11:44:46","slug":"neues-aus-der-keplerstrasse-woche-52013","status":"publish","type":"post","link":"http:\/\/www.luboeinski.de\/blog\/neues-aus-der-keplerstrasse\/neues-aus-der-keplerstrasse-woche-52013\/","title":{"rendered":".:: Neues aus der Keplerstrasse &#8211; Woche 5\/2013 ::."},"content":{"rendered":"<p><strong>Warning &#8211; Low Flying <\/strong>Squeezer&#8217;s arround&#8230;.<\/p>\n<p>Sonntag Morgen&#8230;aus irgendwelchen v\u00f6llig unverst\u00e4ndlichen Gr\u00fcnden &#8230;steht das weibliche 1\/3 der Familie vor allen anderen in der K\u00fcche und hat sich fest vorgenommen, ein umfassendes Fr\u00fchst\u00fcck auf den Tisch zu bringen.<br \/>\nLeider hat \u00a0Frau am Morgen noch nicht die endg\u00fcltige Gr\u00f6\u00dfe erreicht um die st\u00f6rrische Saftpresse ( die vermutlich soo fr\u00fch auch noch nicht irgendwelche S\u00fcdfr\u00fcche ausquetschen m\u00f6chte ) gefahrlos im daf\u00fcr vorgesehenen Regal zu erreichen und l\u00e4sst sich kurz darauf nur in Einzel-Teil Flugeinlagen\u00a0 dazu bewegen die Arbeit aufzunehmen.<br \/>\nDas Missfallen ist nun deutlich auf Alexandra&#8217;s Stirn abzulesen&#8230;und die Freude am fr\u00fchen Morgen damit ungef\u00e4hr so eingetr\u00fcbt wie das vorherrschende Wetter. \ud83d\ude42<\/p>\n<p>Die restlichen 2\/3 der Familie&#8230;machen sich kurze Zeit sp\u00e4ter daran Aufbauanleitungen genau zu studieren und die mitgelieferten Schrauben m\u00f6glichst korrekt an den daf\u00fcr vorgesehenen Stellen\u00a0unterzubringen&#8230;<br \/>\n<img loading=\"lazy\" class=\"size-full wp-image-628\" title=\"Luca baut\" alt=\"Luca baut...\" src=\"http:\/\/luboeinski.de\/wordpress\/wp-content\/uploads\/2013\/02\/P2030036-Luca-baut-2013-02-03.jpg\" width=\"500\" height=\"414\" \/><\/p>\n<p>Und tats\u00e4chlich..schon &#8222;kurz&#8220; darauf hat man dem Ding Beine gemacht&#8230;und es l\u00e4sst<br \/>\nsich herrlich darauf schlafen \ud83d\ude42<\/p>\n<p>&nbsp;<\/p>\n<p>&nbsp;<\/p>\n<p>&nbsp;<\/p>\n","protected":false},"excerpt":{"rendered":"<p>Warning &#8211; Low Flying Squeezer&#8217;s arround&#8230;. Sonntag Morgen&#8230;aus irgendwelchen v\u00f6llig unverst\u00e4ndlichen Gr\u00fcnden &#8230;steht das weibliche 1\/3 der Familie vor allen anderen in der K\u00fcche und hat sich fest vorgenommen, ein umfassendes Fr\u00fchst\u00fcck auf den Tisch zu bringen. Leider hat \u00a0Frau am Morgen noch nicht die endg\u00fcltige Gr\u00f6\u00dfe erreicht um die st\u00f6rrische Saftpresse ( die vermutlich [&hellip;]<\/p>\n","protected":false},"author":2,"featured_media":0,"comment_status":"open","ping_status":"open","sticky":false,"template":"","format":"standard","meta":{"spay_email":""},"categories":[5],"tags":[],"jetpack_featured_media_url":"","_links":{"self":[{"href":"http:\/\/www.luboeinski.de\/blog\/wp-json\/wp\/v2\/posts\/626"}],"collection":[{"href":"http:\/\/www.luboeinski.de\/blog\/wp-json\/wp\/v2\/posts"}],"about":[{"href":"http:\/\/www.luboeinski.de\/blog\/wp-json\/wp\/v2\/types\/post"}],"author":[{"embeddable":true,"href":"http:\/\/www.luboeinski.de\/blog\/wp-json\/wp\/v2\/users\/2"}],"replies":[{"embeddable":true,"href":"http:\/\/www.luboeinski.de\/blog\/wp-json\/wp\/v2\/comments?post=626"}],"version-history":[{"count":2,"href":"http:\/\/www.luboeinski.de\/blog\/wp-json\/wp\/v2\/posts\/626\/revisions"}],"predecessor-version":[{"id":869,"href":"http:\/\/www.luboeinski.de\/blog\/wp-json\/wp\/v2\/posts\/626\/revisions\/869"}],"wp:attachment":[{"href":"http:\/\/www.luboeinski.de\/blog\/wp-json\/wp\/v2\/media?parent=626"}],"wp:term":[{"taxonomy":"category","embeddable":true,"href":"http:\/\/www.luboeinski.de\/blog\/wp-json\/wp\/v2\/categories?post=626"},{"taxonomy":"post_tag","embeddable":true,"href":"http:\/\/www.luboeinski.de\/blog\/wp-json\/wp\/v2\/tags?post=626"}],"curies":[{"name":"wp","href":"https:\/\/api.w.org\/{rel}","templated":true}]}}